{"id":728,"date":"2026-09-01T03:55:36","date_gmt":"2026-09-01T03:55:36","guid":{"rendered":"https:\/\/depilacja-laserowa-lublin.pl\/index.php\/2026\/09\/01\/jak-laser-wplywa-na-pigment-wlosa-podczas-depilacji\/"},"modified":"2026-09-01T03:55:36","modified_gmt":"2026-09-01T03:55:36","slug":"jak-laser-wplywa-na-pigment-wlosa-podczas-depilacji","status":"publish","type":"post","link":"https:\/\/depilacja-laserowa-lublin.pl\/index.php\/2026\/09\/01\/jak-laser-wplywa-na-pigment-wlosa-podczas-depilacji\/","title":{"rendered":"Jak laser wp\u0142ywa na pigment w\u0142osa podczas depilacji?"},"content":{"rendered":"<p>Laserowa <strong>depilacja<\/strong> to coraz powszechniej wybierana metoda usuwania niechcianego ow\u0142osienia, oparta na zjawisku selektywnej fototermolizy. Za pomoc\u0105 urz\u0105dzenia emituj\u0105cego \u015bwiat\u0142o o okre\u015blonej d\u0142ugo\u015bci fali dochodzi do poch\u0142oni\u0119cia promieniowania przez <strong>pigment<\/strong> w obr\u0119bie w\u0142osa, co prowadzi do termicznego uszkodzenia mieszka i zahamowania wzrostu nowych w\u0142osk\u00f3w. Ca\u0142y proces odbywa si\u0119 szybko, precyzyjnie i z minimalnym dyskomfortem dla pacjenta. W kolejnych cz\u0119\u015bciach artyku\u0142u przybli\u017cymy fizjologiczne i techniczne aspekty tego zabiegu oraz om\u00f3wimy czynniki decyduj\u0105ce o jego <strong>skuteczno\u015b\u0107<\/strong>i i <strong>bezpiecze\u0144stwo<\/strong>.<\/p>\n<h2>Zasady dzia\u0142ania i rola pigmentu w\u0142osa<\/h2>\n<h3><u>Mechanizm absorpcji barwnika<\/u><\/h3>\n<p>W\u0142osy zawieraj\u0105 kom\u00f3rki zawieraj\u0105ce <strong>melanina<\/strong>, naturalny barwnik odpowiedzialny za ich kolor. Podczas zabiegu na sk\u00f3r\u0119 padaj\u0105 impulsy \u015bwietlne, kt\u00f3re s\u0105 poch\u0142aniane g\u0142\u00f3wnie przez ciemne cz\u0105steczki melaninowe. Dzi\u0119ki zjawisku <strong>selektywna<\/strong> <strong>fototermoliza<\/strong> energia \u015bwietlna zamienia si\u0119 w ciep\u0142o wy\u0142\u0105cznie w strukturze mieszka w\u0142osowego, bez uszkodzenia otaczaj\u0105cych tkanek. Kluczem jest odpowiednie dobranie czasu trwania impulsu, jego mocy oraz d\u0142ugo\u015bci fali, tak by maksymalnie skupi\u0107 si\u0119 na barwniku, a nie na sk\u00f3rze czy naczyniach krwiono\u015bnych.<\/p>\n<h3><u>D\u0142ugo\u015bci fal i typy urz\u0105dze\u0144<\/u><\/h3>\n<p>Na rynku dost\u0119pne s\u0105 r\u00f3\u017cne systemy laserowe: aleksandrytowe, diodowe, neodymowo-yagowe, a tak\u017ce nowoczesne lasery ze \u017ar\u00f3d\u0142em \u015bwiat\u0142a IPL. Ka\u017cde z tych rozwi\u0105za\u0144 dzia\u0142a na innej d\u0142ugo\u015bci fali, co wp\u0142ywa na g\u0142\u0119boko\u015b\u0107 penetracji sk\u00f3ry i absorpcj\u0119 przez melaniny. Na przyk\u0142ad d\u0142ugo\u015b\u0107 oko\u0142o 755 nm (aleksandryt) jest dobrze poch\u0142aniana przez melaniny w jasnych i \u015brednich w\u0142osach, natomiast 1064 nm (Nd:YAG) umo\u017cliwia bezpieczne przeprowadzenie zabiegu na ciemnych fototypach sk\u00f3ry. W praktyce <strong>laser<\/strong> dobiera si\u0119 indywidualnie do pacjenta, aby uzyska\u0107 optymalny balans mi\u0119dzy efektywno\u015bci\u0105 a komfortem i <strong>bezpiecze\u0144stwo<\/strong>\u0105.<\/p>\n<h2>Kluczowe czynniki wp\u0142ywaj\u0105ce na <strong>skuteczno\u015b\u0107<\/strong> zabiegu<\/h2>\n<p>Efekty depilacji laserowej zale\u017c\u0105 od wielu element\u00f3w. Przed przyst\u0105pieniem do serii zabieg\u00f3w specjalista ocenia stan sk\u00f3ry, kolor i grubo\u015b\u0107 w\u0142osa, a tak\u017ce okre\u015bla <strong>fototyp<\/strong> pacjenta zgodnie z skal\u0105 Fitzpatricka. Wiedza o rozmieszczeniu melaniny i barwie w\u0142osa pozwala zoptymalizowa\u0107 parametry urz\u0105dzenia. Poni\u017cej zestaw czynnik\u00f3w determinuj\u0105cych sukces terapii:<\/p>\n<ul>\n<li>Grubo\u015b\u0107 i kolor w\u0142osa: im ciemniejsze i grubsze w\u0142oski, tym lepsza absorpcja energii.<\/li>\n<li><strong>Fototyp<\/strong> sk\u00f3ry: osoby o ja\u015bniejszej karnacji zwykle potrzebuj\u0105 kr\u00f3tszych impuls\u00f3w i mniejszej mocy.<\/li>\n<li>Cykl wzrostu w\u0142osa: zabiegi nale\u017cy powtarza\u0107 w fazie anagenu, aby obj\u0105\u0107 jak najwi\u0119cej mieszk\u00f3w.<\/li>\n<li>Regularno\u015b\u0107 sesji: przerwy mi\u0119dzy zabiegami dostosowuje si\u0119 do tempa odrastania w\u0142osk\u00f3w.<\/li>\n<li>Parametry lasera: d\u0142ugo\u015b\u0107 fali, g\u0119sto\u015b\u0107 energii, czas trwania impulsu oraz ch\u0142odzenie g\u0142owicy.<\/li>\n<\/ul>\n<p>Prawid\u0142owe skoordynowanie tych zmiennych przek\u0142ada si\u0119 na d\u0142ugotrwa\u0142e efekty i minimalizuje ryzyko powik\u0142a\u0144. Osoba wykonuj\u0105ca zabieg powinna posiada\u0107 certyfikaty oraz do\u015bwiadczenie w r\u00f3\u017cnych technikach depilacji laserowej.<\/p>\n<h2>Przebieg zabiegu i aspekty bezpiecze\u0144stwa<\/h2>\n<p>Przed ka\u017cd\u0105 sesj\u0105 pacjent wype\u0142nia wywiad lekarski, informuj\u0105c o ewentualnych schorzeniach, przyjmowanych lekach czy przebytych opalaniach. W dniu zabiegu obszar sk\u00f3ry jest dok\u0142adnie oczyszczany, a w\u0142oski przycinane do kilku milimetr\u00f3w d\u0142ugo\u015bci. Nast\u0119pnie stosuje si\u0119 \u017cel lub specjalny pasek ch\u0142odz\u0105cy, a operator ustawia urz\u0105dzenie pod k\u0105tem prostopad\u0142ym do powierzchni sk\u00f3ry.<\/p>\n<ul>\n<li>Test uczuleniowy: niewielki fragment sk\u00f3ry poddaje si\u0119 jednym impulsem, aby sprawdzi\u0107 reakcj\u0119.<\/li>\n<li>Ch\u0142odzenie sk\u00f3ry: kontaktowe lub dynamiczne systemy ch\u0142odz\u0105ce redukuj\u0105 dyskomfort.<\/li>\n<li>Ochrona oczu: zar\u00f3wno pacjent, jak i personel nosz\u0105 okulary z odpowiednimi filtrami.<\/li>\n<\/ul>\n<h3>Przeciwwskazania<\/h3>\n<p>Wybrane przyk\u0142ady to ci\u0105\u017ca, aktywne infekcje sk\u00f3rne, sk\u0142onno\u015b\u0107 do keloid\u00f3w, stan po \u015bwie\u017cym opalaniu czy przyjmowanie lek\u00f3w \u015bwiat\u0142ouczulaj\u0105cych. W takiej sytuacji specjalista zaleca odroczy\u0107 zabieg do momentu ust\u0105pienia czynnik\u00f3w ryzyka.<\/p>\n<h3>Dzia\u0142ania niepo\u017c\u0105dane<\/h3>\n<p>W miejscu zabiegowym mog\u0105 pojawi\u0107 si\u0119 przej\u015bciowe zaczerwienienie, opuchlizna czy delikatne podra\u017cnienie mieszk\u00f3w. Rzadko zdarzaj\u0105 si\u0119 przebarwienia lub niewielkie p\u0119cherze, kt\u00f3re ust\u0119puj\u0105 samoistnie lub po zastosowaniu miejscowych preparat\u00f3w \u0142agodz\u0105cych. Kluczowe pozostaje systematyczne nawil\u017canie sk\u00f3ry oraz unikanie ekspozycji na s\u0142o\u0144ce przez kilka tygodni.<\/p>\n<h2>Nowoczesna <strong>technologia<\/strong> i perspektywy rozwoju<\/h2>\n<p>Producenci laser\u00f3w nieustannie wprowadzaj\u0105 innowacje, by zwi\u0119kszy\u0107 komfort pacjenta i zredukowa\u0107 liczb\u0119 sesji. Do najwa\u017cniejszych trend\u00f3w nale\u017c\u0105:<\/p>\n<ul>\n<li>Systemy wielofalowe \u0142\u0105cz\u0105ce zalety r\u00f3\u017cnych d\u0142ugo\u015bci fali w jednym urz\u0105dzeniu.<\/li>\n<li>Lasery pikosekundowe, kt\u00f3re dzi\u0119ki ultra kr\u00f3tkim impulsom minimalizuj\u0105 oddzia\u0142ywanie termiczne.<\/li>\n<li>Inteligentne g\u0142owice z czujnikami sk\u00f3ry, automatycznie dobieraj\u0105ce parametry pracy.<\/li>\n<li>Integracja z systemami ch\u0142odzenia o niskiej temperaturze, znacznie podnosz\u0105ca komfort procedury.<\/li>\n<\/ul>\n<p>Przysz\u0142e rozwi\u0105zania b\u0119d\u0105 zapewne \u0142\u0105czy\u0107 depilacj\u0119 laserow\u0105 z innymi terapiami medycyny estetycznej, co pozwoli na kompleksowe podej\u015bcie do piel\u0119gnacji sk\u00f3ry i redukcji przebarwie\u0144. Sta\u0142y rozw\u00f3j urz\u0105dze\u0144 i bada\u0144 naukowych przyczynia si\u0119 do coraz lepszej <strong>skuteczno\u015b\u0107<\/strong>i, zwi\u0119kszonego komfortu zabiegu oraz skr\u00f3cenia czasu rekonwalescencji.<\/p>\n","protected":false},"excerpt":{"rendered":"<p>Laserowa depilacja to coraz powszechniej wybierana metoda usuwania niechcianego ow\u0142osienia, oparta na zjawisku selektywnej fototermolizy. Za pomoc\u0105 urz\u0105dzenia emituj\u0105cego \u015bwiat\u0142o o okre\u015blonej d\u0142ugo\u015bci fali dochodzi do poch\u0142oni\u0119cia promieniowania przez pigment w obr\u0119bie w\u0142osa, co prowadzi do termicznego uszkodzenia mieszka i zahamowania wzrostu nowych w\u0142osk\u00f3w. Ca\u0142y proces odbywa si\u0119 szybko, precyzyjnie i z minimalnym dyskomfortem dla&#8230;<\/p>\n","protected":false},"author":1,"featured_media":727,"comment_status":"closed","ping_status":"closed","sticky":false,"template":"","format":"standard","meta":{"footnotes":""},"categories":[1],"tags":[],"class_list":["post-728","post","type-post","status-publish","format-standard","has-post-thumbnail","hentry","category-depilacja-laserowa"],"yoast_head":"<!-- This site is optimized with the Yoast SEO plugin v28.4 - https:\/\/yoast.com\/product\/yoast-seo-wordpress\/ -->\n<title>Jak laser wp\u0142ywa na pigment w\u0142osa podczas depilacji? - Depilacja laserowa<\/title>\n<meta name=\"robots\" content=\"index, follow, max-snippet:-1, max-image-preview:large, max-video-preview:-1\" \/>\n<link rel=\"canonical\" href=\"https:\/\/depilacja-laserowa-lublin.pl\/index.php\/2026\/09\/01\/jak-laser-wplywa-na-pigment-wlosa-podczas-depilacji\/\" \/>\n<meta property=\"og:locale\" content=\"pl_PL\" \/>\n<meta property=\"og:type\" content=\"article\" \/>\n<meta property=\"og:title\" content=\"Jak laser wp\u0142ywa na pigment w\u0142osa podczas depilacji? - Depilacja laserowa\" \/>\n<meta property=\"og:description\" content=\"Laserowa depilacja to coraz powszechniej wybierana metoda usuwania niechcianego ow\u0142osienia, oparta na zjawisku selektywnej fototermolizy. Za pomoc\u0105 urz\u0105dzenia emituj\u0105cego \u015bwiat\u0142o o okre\u015blonej d\u0142ugo\u015bci fali dochodzi do poch\u0142oni\u0119cia promieniowania przez pigment w obr\u0119bie w\u0142osa, co prowadzi do termicznego uszkodzenia mieszka i zahamowania wzrostu nowych w\u0142osk\u00f3w. Ca\u0142y proces odbywa si\u0119 szybko, precyzyjnie i z minimalnym dyskomfortem dla...\" \/>\n<meta property=\"og:url\" content=\"https:\/\/depilacja-laserowa-lublin.pl\/index.php\/2026\/09\/01\/jak-laser-wplywa-na-pigment-wlosa-podczas-depilacji\/\" \/>\n<meta property=\"og:site_name\" content=\"Depilacja laserowa\" \/>\n<meta property=\"article:published_time\" content=\"2026-09-01T03:55:36+00:00\" \/>\n<meta name=\"author\" content=\"depilacja-laserowa\" \/>\n<meta name=\"twitter:card\" content=\"summary_large_image\" \/>\n<meta name=\"twitter:label1\" content=\"Napisane przez\" \/>\n\t<meta name=\"twitter:data1\" content=\"depilacja-laserowa\" \/>\n\t<meta name=\"twitter:label2\" content=\"Szacowany czas czytania\" \/>\n\t<meta name=\"twitter:data2\" content=\"4 minuty\" \/>\n<script type=\"application\/ld+json\" class=\"yoast-schema-graph\">{\"@context\":\"https:\\\/\\\/schema.org\",\"@graph\":[{\"@type\":\"Article\",\"@id\":\"https:\\\/\\\/depilacja-laserowa-lublin.pl\\\/index.php\\\/2026\\\/09\\\/01\\\/jak-laser-wplywa-na-pigment-wlosa-podczas-depilacji\\\/#article\",\"isPartOf\":{\"@id\":\"https:\\\/\\\/depilacja-laserowa-lublin.pl\\\/index.php\\\/2026\\\/09\\\/01\\\/jak-laser-wplywa-na-pigment-wlosa-podczas-depilacji\\\/\"},\"author\":{\"name\":\"depilacja-laserowa\",\"@id\":\"https:\\\/\\\/depilacja-laserowa-lublin.pl\\\/#\\\/schema\\\/person\\\/e159bba8b67bb61060f45552b4407032\"},\"headline\":\"Jak laser wp\u0142ywa na pigment w\u0142osa podczas depilacji?\",\"datePublished\":\"2026-09-01T03:55:36+00:00\",\"mainEntityOfPage\":{\"@id\":\"https:\\\/\\\/depilacja-laserowa-lublin.pl\\\/index.php\\\/2026\\\/09\\\/01\\\/jak-laser-wplywa-na-pigment-wlosa-podczas-depilacji\\\/\"},\"wordCount\":845,\"image\":{\"@id\":\"https:\\\/\\\/depilacja-laserowa-lublin.pl\\\/index.php\\\/2026\\\/09\\\/01\\\/jak-laser-wplywa-na-pigment-wlosa-podczas-depilacji\\\/#primaryimage\"},\"thumbnailUrl\":\"https:\\\/\\\/depilacja-laserowa-lublin.pl\\\/wp-content\\\/uploads\\\/2026\\\/09\\\/output1.webp\",\"articleSection\":[\"Depilacja laserowa\"],\"inLanguage\":\"pl-PL\"},{\"@type\":\"WebPage\",\"@id\":\"https:\\\/\\\/depilacja-laserowa-lublin.pl\\\/index.php\\\/2026\\\/09\\\/01\\\/jak-laser-wplywa-na-pigment-wlosa-podczas-depilacji\\\/\",\"url\":\"https:\\\/\\\/depilacja-laserowa-lublin.pl\\\/index.php\\\/2026\\\/09\\\/01\\\/jak-laser-wplywa-na-pigment-wlosa-podczas-depilacji\\\/\",\"name\":\"Jak laser wp\u0142ywa na pigment w\u0142osa podczas depilacji? - Depilacja laserowa\",\"isPartOf\":{\"@id\":\"https:\\\/\\\/depilacja-laserowa-lublin.pl\\\/#website\"},\"primaryImageOfPage\":{\"@id\":\"https:\\\/\\\/depilacja-laserowa-lublin.pl\\\/index.php\\\/2026\\\/09\\\/01\\\/jak-laser-wplywa-na-pigment-wlosa-podczas-depilacji\\\/#primaryimage\"},\"image\":{\"@id\":\"https:\\\/\\\/depilacja-laserowa-lublin.pl\\\/index.php\\\/2026\\\/09\\\/01\\\/jak-laser-wplywa-na-pigment-wlosa-podczas-depilacji\\\/#primaryimage\"},\"thumbnailUrl\":\"https:\\\/\\\/depilacja-laserowa-lublin.pl\\\/wp-content\\\/uploads\\\/2026\\\/09\\\/output1.webp\",\"datePublished\":\"2026-09-01T03:55:36+00:00\",\"author\":{\"@id\":\"https:\\\/\\\/depilacja-laserowa-lublin.pl\\\/#\\\/schema\\\/person\\\/e159bba8b67bb61060f45552b4407032\"},\"breadcrumb\":{\"@id\":\"https:\\\/\\\/depilacja-laserowa-lublin.pl\\\/index.php\\\/2026\\\/09\\\/01\\\/jak-laser-wplywa-na-pigment-wlosa-podczas-depilacji\\\/#breadcrumb\"},\"inLanguage\":\"pl-PL\",\"potentialAction\":[{\"@type\":\"ReadAction\",\"target\":[\"https:\\\/\\\/depilacja-laserowa-lublin.pl\\\/index.php\\\/2026\\\/09\\\/01\\\/jak-laser-wplywa-na-pigment-wlosa-podczas-depilacji\\\/\"]}]},{\"@type\":\"ImageObject\",\"inLanguage\":\"pl-PL\",\"@id\":\"https:\\\/\\\/depilacja-laserowa-lublin.pl\\\/index.php\\\/2026\\\/09\\\/01\\\/jak-laser-wplywa-na-pigment-wlosa-podczas-depilacji\\\/#primaryimage\",\"url\":\"https:\\\/\\\/depilacja-laserowa-lublin.pl\\\/wp-content\\\/uploads\\\/2026\\\/09\\\/output1.webp\",\"contentUrl\":\"https:\\\/\\\/depilacja-laserowa-lublin.pl\\\/wp-content\\\/uploads\\\/2026\\\/09\\\/output1.webp\",\"width\":1024,\"height\":1024},{\"@type\":\"BreadcrumbList\",\"@id\":\"https:\\\/\\\/depilacja-laserowa-lublin.pl\\\/index.php\\\/2026\\\/09\\\/01\\\/jak-laser-wplywa-na-pigment-wlosa-podczas-depilacji\\\/#breadcrumb\",\"itemListElement\":[{\"@type\":\"ListItem\",\"position\":1,\"name\":\"Strona g\u0142\u00f3wna\",\"item\":\"https:\\\/\\\/depilacja-laserowa-lublin.pl\\\/\"},{\"@type\":\"ListItem\",\"position\":2,\"name\":\"Jak laser wp\u0142ywa na pigment w\u0142osa podczas depilacji?\"}]},{\"@type\":\"WebSite\",\"@id\":\"https:\\\/\\\/depilacja-laserowa-lublin.pl\\\/#website\",\"url\":\"https:\\\/\\\/depilacja-laserowa-lublin.pl\\\/\",\"name\":\"Depilacja laserowa\",\"description\":\"serwis o depilacji laserowej\",\"potentialAction\":[{\"@type\":\"SearchAction\",\"target\":{\"@type\":\"EntryPoint\",\"urlTemplate\":\"https:\\\/\\\/depilacja-laserowa-lublin.pl\\\/?s={search_term_string}\"},\"query-input\":{\"@type\":\"PropertyValueSpecification\",\"valueRequired\":true,\"valueName\":\"search_term_string\"}}],\"inLanguage\":\"pl-PL\"},{\"@type\":\"Person\",\"@id\":\"https:\\\/\\\/depilacja-laserowa-lublin.pl\\\/#\\\/schema\\\/person\\\/e159bba8b67bb61060f45552b4407032\",\"name\":\"depilacja-laserowa\",\"image\":{\"@type\":\"ImageObject\",\"inLanguage\":\"pl-PL\",\"@id\":\"https:\\\/\\\/secure.gravatar.com\\\/avatar\\\/4e609b381659f1df9d3dea107e3c05fa9ad22a194ec1799dd9a433deddc1fe2c?s=96&d=mm&r=g\",\"url\":\"https:\\\/\\\/secure.gravatar.com\\\/avatar\\\/4e609b381659f1df9d3dea107e3c05fa9ad22a194ec1799dd9a433deddc1fe2c?s=96&d=mm&r=g\",\"contentUrl\":\"https:\\\/\\\/secure.gravatar.com\\\/avatar\\\/4e609b381659f1df9d3dea107e3c05fa9ad22a194ec1799dd9a433deddc1fe2c?s=96&d=mm&r=g\",\"caption\":\"depilacja-laserowa\"},\"sameAs\":[\"https:\\\/\\\/depilacja-laserowa-lublin.pl\"]}]}<\/script>\n<!-- \/ Yoast SEO plugin. -->","yoast_head_json":{"title":"Jak laser wp\u0142ywa na pigment w\u0142osa podczas depilacji? - Depilacja laserowa","robots":{"index":"index","follow":"follow","max-snippet":"max-snippet:-1","max-image-preview":"max-image-preview:large","max-video-preview":"max-video-preview:-1"},"canonical":"https:\/\/depilacja-laserowa-lublin.pl\/index.php\/2026\/09\/01\/jak-laser-wplywa-na-pigment-wlosa-podczas-depilacji\/","og_locale":"pl_PL","og_type":"article","og_title":"Jak laser wp\u0142ywa na pigment w\u0142osa podczas depilacji? - Depilacja laserowa","og_description":"Laserowa depilacja to coraz powszechniej wybierana metoda usuwania niechcianego ow\u0142osienia, oparta na zjawisku selektywnej fototermolizy. Za pomoc\u0105 urz\u0105dzenia emituj\u0105cego \u015bwiat\u0142o o okre\u015blonej d\u0142ugo\u015bci fali dochodzi do poch\u0142oni\u0119cia promieniowania przez pigment w obr\u0119bie w\u0142osa, co prowadzi do termicznego uszkodzenia mieszka i zahamowania wzrostu nowych w\u0142osk\u00f3w. Ca\u0142y proces odbywa si\u0119 szybko, precyzyjnie i z minimalnym dyskomfortem dla...","og_url":"https:\/\/depilacja-laserowa-lublin.pl\/index.php\/2026\/09\/01\/jak-laser-wplywa-na-pigment-wlosa-podczas-depilacji\/","og_site_name":"Depilacja laserowa","article_published_time":"2026-09-01T03:55:36+00:00","author":"depilacja-laserowa","twitter_card":"summary_large_image","twitter_misc":{"Napisane przez":"depilacja-laserowa","Szacowany czas czytania":"4 minuty"},"schema":{"@context":"https:\/\/schema.org","@graph":[{"@type":"Article","@id":"https:\/\/depilacja-laserowa-lublin.pl\/index.php\/2026\/09\/01\/jak-laser-wplywa-na-pigment-wlosa-podczas-depilacji\/#article","isPartOf":{"@id":"https:\/\/depilacja-laserowa-lublin.pl\/index.php\/2026\/09\/01\/jak-laser-wplywa-na-pigment-wlosa-podczas-depilacji\/"},"author":{"name":"depilacja-laserowa","@id":"https:\/\/depilacja-laserowa-lublin.pl\/#\/schema\/person\/e159bba8b67bb61060f45552b4407032"},"headline":"Jak laser wp\u0142ywa na pigment w\u0142osa podczas depilacji?","datePublished":"2026-09-01T03:55:36+00:00","mainEntityOfPage":{"@id":"https:\/\/depilacja-laserowa-lublin.pl\/index.php\/2026\/09\/01\/jak-laser-wplywa-na-pigment-wlosa-podczas-depilacji\/"},"wordCount":845,"image":{"@id":"https:\/\/depilacja-laserowa-lublin.pl\/index.php\/2026\/09\/01\/jak-laser-wplywa-na-pigment-wlosa-podczas-depilacji\/#primaryimage"},"thumbnailUrl":"https:\/\/depilacja-laserowa-lublin.pl\/wp-content\/uploads\/2026\/09\/output1.webp","articleSection":["Depilacja laserowa"],"inLanguage":"pl-PL"},{"@type":"WebPage","@id":"https:\/\/depilacja-laserowa-lublin.pl\/index.php\/2026\/09\/01\/jak-laser-wplywa-na-pigment-wlosa-podczas-depilacji\/","url":"https:\/\/depilacja-laserowa-lublin.pl\/index.php\/2026\/09\/01\/jak-laser-wplywa-na-pigment-wlosa-podczas-depilacji\/","name":"Jak laser wp\u0142ywa na pigment w\u0142osa podczas depilacji? - Depilacja laserowa","isPartOf":{"@id":"https:\/\/depilacja-laserowa-lublin.pl\/#website"},"primaryImageOfPage":{"@id":"https:\/\/depilacja-laserowa-lublin.pl\/index.php\/2026\/09\/01\/jak-laser-wplywa-na-pigment-wlosa-podczas-depilacji\/#primaryimage"},"image":{"@id":"https:\/\/depilacja-laserowa-lublin.pl\/index.php\/2026\/09\/01\/jak-laser-wplywa-na-pigment-wlosa-podczas-depilacji\/#primaryimage"},"thumbnailUrl":"https:\/\/depilacja-laserowa-lublin.pl\/wp-content\/uploads\/2026\/09\/output1.webp","datePublished":"2026-09-01T03:55:36+00:00","author":{"@id":"https:\/\/depilacja-laserowa-lublin.pl\/#\/schema\/person\/e159bba8b67bb61060f45552b4407032"},"breadcrumb":{"@id":"https:\/\/depilacja-laserowa-lublin.pl\/index.php\/2026\/09\/01\/jak-laser-wplywa-na-pigment-wlosa-podczas-depilacji\/#breadcrumb"},"inLanguage":"pl-PL","potentialAction":[{"@type":"ReadAction","target":["https:\/\/depilacja-laserowa-lublin.pl\/index.php\/2026\/09\/01\/jak-laser-wplywa-na-pigment-wlosa-podczas-depilacji\/"]}]},{"@type":"ImageObject","inLanguage":"pl-PL","@id":"https:\/\/depilacja-laserowa-lublin.pl\/index.php\/2026\/09\/01\/jak-laser-wplywa-na-pigment-wlosa-podczas-depilacji\/#primaryimage","url":"https:\/\/depilacja-laserowa-lublin.pl\/wp-content\/uploads\/2026\/09\/output1.webp","contentUrl":"https:\/\/depilacja-laserowa-lublin.pl\/wp-content\/uploads\/2026\/09\/output1.webp","width":1024,"height":1024},{"@type":"BreadcrumbList","@id":"https:\/\/depilacja-laserowa-lublin.pl\/index.php\/2026\/09\/01\/jak-laser-wplywa-na-pigment-wlosa-podczas-depilacji\/#breadcrumb","itemListElement":[{"@type":"ListItem","position":1,"name":"Strona g\u0142\u00f3wna","item":"https:\/\/depilacja-laserowa-lublin.pl\/"},{"@type":"ListItem","position":2,"name":"Jak laser wp\u0142ywa na pigment w\u0142osa podczas depilacji?"}]},{"@type":"WebSite","@id":"https:\/\/depilacja-laserowa-lublin.pl\/#website","url":"https:\/\/depilacja-laserowa-lublin.pl\/","name":"Depilacja laserowa","description":"serwis o depilacji laserowej","potentialAction":[{"@type":"SearchAction","target":{"@type":"EntryPoint","urlTemplate":"https:\/\/depilacja-laserowa-lublin.pl\/?s={search_term_string}"},"query-input":{"@type":"PropertyValueSpecification","valueRequired":true,"valueName":"search_term_string"}}],"inLanguage":"pl-PL"},{"@type":"Person","@id":"https:\/\/depilacja-laserowa-lublin.pl\/#\/schema\/person\/e159bba8b67bb61060f45552b4407032","name":"depilacja-laserowa","image":{"@type":"ImageObject","inLanguage":"pl-PL","@id":"https:\/\/secure.gravatar.com\/avatar\/4e609b381659f1df9d3dea107e3c05fa9ad22a194ec1799dd9a433deddc1fe2c?s=96&d=mm&r=g","url":"https:\/\/secure.gravatar.com\/avatar\/4e609b381659f1df9d3dea107e3c05fa9ad22a194ec1799dd9a433deddc1fe2c?s=96&d=mm&r=g","contentUrl":"https:\/\/secure.gravatar.com\/avatar\/4e609b381659f1df9d3dea107e3c05fa9ad22a194ec1799dd9a433deddc1fe2c?s=96&d=mm&r=g","caption":"depilacja-laserowa"},"sameAs":["https:\/\/depilacja-laserowa-lublin.pl"]}]}},"_links":{"self":[{"href":"https:\/\/depilacja-laserowa-lublin.pl\/index.php\/wp-json\/wp\/v2\/posts\/728","targetHints":{"allow":["GET"]}}],"collection":[{"href":"https:\/\/depilacja-laserowa-lublin.pl\/index.php\/wp-json\/wp\/v2\/posts"}],"about":[{"href":"https:\/\/depilacja-laserowa-lublin.pl\/index.php\/wp-json\/wp\/v2\/types\/post"}],"author":[{"embeddable":true,"href":"https:\/\/depilacja-laserowa-lublin.pl\/index.php\/wp-json\/wp\/v2\/users\/1"}],"replies":[{"embeddable":true,"href":"https:\/\/depilacja-laserowa-lublin.pl\/index.php\/wp-json\/wp\/v2\/comments?post=728"}],"version-history":[{"count":0,"href":"https:\/\/depilacja-laserowa-lublin.pl\/index.php\/wp-json\/wp\/v2\/posts\/728\/revisions"}],"wp:featuredmedia":[{"embeddable":true,"href":"https:\/\/depilacja-laserowa-lublin.pl\/index.php\/wp-json\/wp\/v2\/media\/727"}],"wp:attachment":[{"href":"https:\/\/depilacja-laserowa-lublin.pl\/index.php\/wp-json\/wp\/v2\/media?parent=728"}],"wp:term":[{"taxonomy":"category","embeddable":true,"href":"https:\/\/depilacja-laserowa-lublin.pl\/index.php\/wp-json\/wp\/v2\/categories?post=728"},{"taxonomy":"post_tag","embeddable":true,"href":"https:\/\/depilacja-laserowa-lublin.pl\/index.php\/wp-json\/wp\/v2\/tags?post=728"}],"curies":[{"name":"wp","href":"https:\/\/api.w.org\/{rel}","templated":true}]}}