{"id":723,"date":"2026-08-30T03:35:07","date_gmt":"2026-08-30T03:35:07","guid":{"rendered":"https:\/\/depilacja-laserowa-lublin.pl\/index.php\/2026\/08\/30\/depilacja-laserowa-a-laser-frakcyjny-roznice-w-dzialaniu\/"},"modified":"2026-08-30T03:35:07","modified_gmt":"2026-08-30T03:35:07","slug":"depilacja-laserowa-a-laser-frakcyjny-roznice-w-dzialaniu","status":"publish","type":"post","link":"https:\/\/depilacja-laserowa-lublin.pl\/index.php\/2026\/08\/30\/depilacja-laserowa-a-laser-frakcyjny-roznice-w-dzialaniu\/","title":{"rendered":"Depilacja laserowa a laser frakcyjny \u2013 r\u00f3\u017cnice w dzia\u0142aniu"},"content":{"rendered":"<p>Depilacja laserowa oraz zabiegi z u\u017cyciem lasera frakcyjnego staj\u0105 si\u0119 coraz bardziej popularne w gabinetach medycyny estetycznej. Oba rozwi\u0105zania opieraj\u0105 si\u0119 na energii \u015bwietlnej, jednak r\u00f3\u017cni\u0105 si\u0119 mechanizmem dzia\u0142ania, zakresem zastosowa\u0144 i etapami piel\u0119gnacji pozabiegowej. W poni\u017cszym artykule przyjrzymy si\u0119 szczeg\u00f3\u0142om technicznym, praktycznym wskaz\u00f3wkom oraz najwa\u017cniejszym aspektom zwi\u0105zanym z efektem i bezpiecze\u0144stwem.<\/p>\n<h2><u>Mechanizm dzia\u0142ania depilacji laserowej i lasera frakcyjnego<\/u><\/h2>\n<h3>Laser diodowy w depilacji<\/h3>\n<p>W depilacji laserowej wykorzystuje si\u0119 zazwyczaj <strong>laser<\/strong> diodowy o d\u0142ugo\u015bci fali od 755 do 1064 nm. Energia \u015bwietlna jest poch\u0142aniana przez <strong>melanin\u0119<\/strong> znajduj\u0105c\u0105 si\u0119 w mieszku w\u0142osowym. W wyniku tego procesu dochodzi do termicznego zniszczenia macierzy w\u0142osa, co hamuje jego wzrost. Najwi\u0119ksz\u0105 <strong>efektywno\u015b\u0107<\/strong> osi\u0105ga si\u0119 przy ciemnych w\u0142osach i jasnej <strong>sk\u00f3rze<\/strong>, gdy\u017c kontrast mi\u0119dzy pigmentem a otoczeniem jest najwy\u017cszy.<\/p>\n<h3>Laser frakcyjny i termoliza mikrobeam<\/h3>\n<p>Laser frakcyjny emituje wi\u0105zk\u0119 \u015bwiat\u0142a podzielon\u0105 na tysi\u0105ce mikrowi\u0105zek. Ka\u017cda z nich tworzy kontrolowane uszkodzenie w nask\u00f3rku i sk\u00f3rze w\u0142a\u015bciwej, stymuluj\u0105c procesy gojenia i <strong>regeneracji<\/strong>. Ciep\u0142o nie niszczy mieszk\u00f3w w\u0142osowych bezpo\u015brednio, lecz pobudza fibroblasty do produkcji kolagenu i elastyny. Dzi\u0119ki temu mo\u017cliwe jest poprawienie struktury <strong>sk\u00f3ry<\/strong>, redukcja blizn, zmarszczek czy przebarwie\u0144.<\/p>\n<h2>Zastosowania i cele terapeutyczne<\/h2>\n<ul>\n<li><strong>Depilacja laserowa<\/strong> \u2013 trwa\u0142e usuwanie ow\u0142osienia na twarzy, nogach, pachach, okolicach bikini czy plecach. Idealna dla os\u00f3b pragn\u0105cych zredukowa\u0107 problem wrastaj\u0105cych w\u0142osk\u00f3w.<\/li>\n<li><strong>Laser frakcyjny<\/strong> \u2013 odm\u0142adzanie <strong>sk\u00f3ry<\/strong>, usuwanie blizn potr\u0105dzikowych, zmarszczek, rozst\u0119p\u00f3w oraz poprawa kolorytu i <strong>pigmentacja<\/strong>.<\/li>\n<li>Leczenie blizn pooperacyjnych i pourazowych poprzez pobudzenie naturalnych proces\u00f3w naprawczych.<\/li>\n<li>Redukcja rozszerzonych por\u00f3w i likwidacja tekstury \u201csk\u00f3ry pomara\u0144czowej\u201d.<\/li>\n<\/ul>\n<h2>Przebieg zabiegu i odczucia pacjenta<\/h2>\n<h3>Przygotowanie do zabiegu<\/h3>\n<ul>\n<li>Przed depilacj\u0105 laserow\u0105 nale\u017cy unika\u0107 opalania si\u0119 na co najmniej 4 tygodnie oraz nie stosowa\u0107 krem\u00f3w z retinoidami.<\/li>\n<li>W przypadku lasera frakcyjnego sk\u00f3ra powinna by\u0107 oczyszczona i wolna od makija\u017cu.<\/li>\n<\/ul>\n<h3>Etapy procedury<\/h3>\n<ul>\n<li>Na\u015bwietlanie wybranych obszar\u00f3w wi\u0105zk\u0105 lasera, z zastosowaniem ch\u0142odzenia kontaktowego lub kriogenicznego dla zwi\u0119kszenia <strong>komfortu<\/strong>.<\/li>\n<li>W depilacji ka\u017cde miejsce jest traktowane kilkakrotnie, by zapewni\u0107 pe\u0142ne pokrycie mieszk\u00f3w w\u0142osowych.<\/li>\n<li>Przy frakcyjnym laserze lekarz dobiera g\u0119sto\u015b\u0107 mikrowi\u0105zek i parametry energetyczne zgodnie z potrzebami pacjenta.<\/li>\n<\/ul>\n<h3>Odczucia i zalecenia po zabiegu<\/h3>\n<p>Pacjenci opisuj\u0105 uczucie uk\u0142ucia lub pieczenia w trakcie depilacji i delikatnego rozgrzania przy laserze frakcyjnym. Bezpo\u015brednio po sesji na sk\u00f3rze mog\u0105 wyst\u0105pi\u0107 zaczerwienienie i obrz\u0119k, kt\u00f3re ust\u0119puj\u0105 w ci\u0105gu 24\u201348 godzin. Aby zwi\u0119kszy\u0107 poziom <strong>bezpiecze\u0144stwo<\/strong>, zaleca si\u0119:<\/p>\n<ul>\n<li>Stosowanie krem\u00f3w z filtrem SPF 50 przez co najmniej dwa tygodnie.<\/li>\n<li>Aplikacj\u0119 \u0142agodz\u0105cych preparat\u00f3w z pantenolem lub alantoin\u0105.<\/li>\n<li>Unikanie sauny, basenu i intensywnego wysi\u0142ku fizycznego.<\/li>\n<\/ul>\n<h2>Piel\u0119gnacja pozabiegowa i regeneracja<\/h2>\n<p>Proces gojenia po depilacji jest kr\u00f3tszy ni\u017c po zabiegach frakcyjnych, jednak nadal wymaga odpowiedniej troski o nask\u00f3rek. W obu przypadkach warto stosowa\u0107 preparaty nawil\u017caj\u0105ce i przyspieszaj\u0105ce odnow\u0119 <strong>sk\u00f3ry<\/strong>. Po sesjach frakcyjnych rekomenduje si\u0119 r\u00f3wnie\u017c:<\/p>\n<ul>\n<li>Codzienny masa\u017c sk\u00f3ry delikatnymi ruchami w celu wspierania mikrokr\u0105\u017cenia.<\/li>\n<li>Aplikacj\u0119 serum z kwasem hialuronowym lub peptydami kolagenowymi.<\/li>\n<li>Regularne z\u0142uszczanie martwych kom\u00f3rek przy u\u017cyciu enzymatycznych peeling\u00f3w.<\/li>\n<\/ul>\n<h2>Bezpiecze\u0144stwo i przeciwwskazania<\/h2>\n<p>Chocia\u017c oba rodzaje laser\u00f3w s\u0105 uznawane za <strong>bezpieczne<\/strong>, istnieje szereg przeciwwskaza\u0144:<\/p>\n<ul>\n<li>Ci\u0105\u017ca i karmienie piersi\u0105.<\/li>\n<li>Aktywne infekcje sk\u00f3rne, opryszczka lub tr\u0105dzik w fazie zapalnej.<\/li>\n<li>Nowotwory sk\u00f3ry lub podejrzenie zmian patologicznych.<\/li>\n<li>Przyjmowanie lek\u00f3w \u015bwiat\u0142ouczulaj\u0105cych.<\/li>\n<li>Fototypy VI (sk\u00f3ra bardzo ciemna) \u2013 ryzyko hiperpigmentacji.<\/li>\n<\/ul>\n<p>Decyzj\u0119 o zabiegu zawsze podejmuje lekarz po przeprowadzeniu szczeg\u00f3\u0142owego wywiadu i ocenie stanu zdrowia pacjenta. W\u0142a\u015bciwie przeprowadzone procedury gwarantuj\u0105 satysfakcj\u0119 oraz d\u0142ugotrwa\u0142e rezultaty.<\/p>\n","protected":false},"excerpt":{"rendered":"<p>Depilacja laserowa oraz zabiegi z u\u017cyciem lasera frakcyjnego staj\u0105 si\u0119 coraz bardziej popularne w gabinetach medycyny estetycznej. Oba rozwi\u0105zania opieraj\u0105 si\u0119 na energii \u015bwietlnej, jednak r\u00f3\u017cni\u0105 si\u0119 mechanizmem dzia\u0142ania, zakresem zastosowa\u0144 i etapami piel\u0119gnacji pozabiegowej. W poni\u017cszym artykule przyjrzymy si\u0119 szczeg\u00f3\u0142om technicznym, praktycznym wskaz\u00f3wkom oraz najwa\u017cniejszym aspektom zwi\u0105zanym z efektem i bezpiecze\u0144stwem. Mechanizm dzia\u0142ania depilacji&#8230;<\/p>\n","protected":false},"author":1,"featured_media":722,"comment_status":"closed","ping_status":"closed","sticky":false,"template":"","format":"standard","meta":{"footnotes":""},"categories":[1],"tags":[],"class_list":["post-723","post","type-post","status-publish","format-standard","has-post-thumbnail","hentry","category-depilacja-laserowa"],"yoast_head":"<!-- This site is optimized with the Yoast SEO plugin v28.4 - https:\/\/yoast.com\/product\/yoast-seo-wordpress\/ -->\n<title>Depilacja laserowa a laser frakcyjny \u2013 r\u00f3\u017cnice w dzia\u0142aniu - Depilacja laserowa<\/title>\n<meta name=\"robots\" content=\"index, follow, max-snippet:-1, max-image-preview:large, max-video-preview:-1\" \/>\n<link rel=\"canonical\" href=\"https:\/\/depilacja-laserowa-lublin.pl\/index.php\/2026\/08\/30\/depilacja-laserowa-a-laser-frakcyjny-roznice-w-dzialaniu\/\" \/>\n<meta property=\"og:locale\" content=\"pl_PL\" \/>\n<meta property=\"og:type\" content=\"article\" \/>\n<meta property=\"og:title\" content=\"Depilacja laserowa a laser frakcyjny \u2013 r\u00f3\u017cnice w dzia\u0142aniu - Depilacja laserowa\" \/>\n<meta property=\"og:description\" content=\"Depilacja laserowa oraz zabiegi z u\u017cyciem lasera frakcyjnego staj\u0105 si\u0119 coraz bardziej popularne w gabinetach medycyny estetycznej. Oba rozwi\u0105zania opieraj\u0105 si\u0119 na energii \u015bwietlnej, jednak r\u00f3\u017cni\u0105 si\u0119 mechanizmem dzia\u0142ania, zakresem zastosowa\u0144 i etapami piel\u0119gnacji pozabiegowej. W poni\u017cszym artykule przyjrzymy si\u0119 szczeg\u00f3\u0142om technicznym, praktycznym wskaz\u00f3wkom oraz najwa\u017cniejszym aspektom zwi\u0105zanym z efektem i bezpiecze\u0144stwem. Mechanizm dzia\u0142ania depilacji...\" \/>\n<meta property=\"og:url\" content=\"https:\/\/depilacja-laserowa-lublin.pl\/index.php\/2026\/08\/30\/depilacja-laserowa-a-laser-frakcyjny-roznice-w-dzialaniu\/\" \/>\n<meta property=\"og:site_name\" content=\"Depilacja laserowa\" \/>\n<meta property=\"article:published_time\" content=\"2026-08-30T03:35:07+00:00\" \/>\n<meta name=\"author\" content=\"depilacja-laserowa\" \/>\n<meta name=\"twitter:card\" content=\"summary_large_image\" \/>\n<meta name=\"twitter:label1\" content=\"Napisane przez\" \/>\n\t<meta name=\"twitter:data1\" content=\"depilacja-laserowa\" \/>\n\t<meta name=\"twitter:label2\" content=\"Szacowany czas czytania\" \/>\n\t<meta name=\"twitter:data2\" content=\"3 minuty\" \/>\n<script type=\"application\/ld+json\" class=\"yoast-schema-graph\">{\"@context\":\"https:\\\/\\\/schema.org\",\"@graph\":[{\"@type\":\"Article\",\"@id\":\"https:\\\/\\\/depilacja-laserowa-lublin.pl\\\/index.php\\\/2026\\\/08\\\/30\\\/depilacja-laserowa-a-laser-frakcyjny-roznice-w-dzialaniu\\\/#article\",\"isPartOf\":{\"@id\":\"https:\\\/\\\/depilacja-laserowa-lublin.pl\\\/index.php\\\/2026\\\/08\\\/30\\\/depilacja-laserowa-a-laser-frakcyjny-roznice-w-dzialaniu\\\/\"},\"author\":{\"name\":\"depilacja-laserowa\",\"@id\":\"https:\\\/\\\/depilacja-laserowa-lublin.pl\\\/#\\\/schema\\\/person\\\/e159bba8b67bb61060f45552b4407032\"},\"headline\":\"Depilacja laserowa a laser frakcyjny \u2013 r\u00f3\u017cnice w dzia\u0142aniu\",\"datePublished\":\"2026-08-30T03:35:07+00:00\",\"mainEntityOfPage\":{\"@id\":\"https:\\\/\\\/depilacja-laserowa-lublin.pl\\\/index.php\\\/2026\\\/08\\\/30\\\/depilacja-laserowa-a-laser-frakcyjny-roznice-w-dzialaniu\\\/\"},\"wordCount\":632,\"image\":{\"@id\":\"https:\\\/\\\/depilacja-laserowa-lublin.pl\\\/index.php\\\/2026\\\/08\\\/30\\\/depilacja-laserowa-a-laser-frakcyjny-roznice-w-dzialaniu\\\/#primaryimage\"},\"thumbnailUrl\":\"https:\\\/\\\/depilacja-laserowa-lublin.pl\\\/wp-content\\\/uploads\\\/2026\\\/08\\\/output1-13.webp\",\"articleSection\":[\"Depilacja laserowa\"],\"inLanguage\":\"pl-PL\"},{\"@type\":\"WebPage\",\"@id\":\"https:\\\/\\\/depilacja-laserowa-lublin.pl\\\/index.php\\\/2026\\\/08\\\/30\\\/depilacja-laserowa-a-laser-frakcyjny-roznice-w-dzialaniu\\\/\",\"url\":\"https:\\\/\\\/depilacja-laserowa-lublin.pl\\\/index.php\\\/2026\\\/08\\\/30\\\/depilacja-laserowa-a-laser-frakcyjny-roznice-w-dzialaniu\\\/\",\"name\":\"Depilacja laserowa a laser frakcyjny \u2013 r\u00f3\u017cnice w dzia\u0142aniu - Depilacja laserowa\",\"isPartOf\":{\"@id\":\"https:\\\/\\\/depilacja-laserowa-lublin.pl\\\/#website\"},\"primaryImageOfPage\":{\"@id\":\"https:\\\/\\\/depilacja-laserowa-lublin.pl\\\/index.php\\\/2026\\\/08\\\/30\\\/depilacja-laserowa-a-laser-frakcyjny-roznice-w-dzialaniu\\\/#primaryimage\"},\"image\":{\"@id\":\"https:\\\/\\\/depilacja-laserowa-lublin.pl\\\/index.php\\\/2026\\\/08\\\/30\\\/depilacja-laserowa-a-laser-frakcyjny-roznice-w-dzialaniu\\\/#primaryimage\"},\"thumbnailUrl\":\"https:\\\/\\\/depilacja-laserowa-lublin.pl\\\/wp-content\\\/uploads\\\/2026\\\/08\\\/output1-13.webp\",\"datePublished\":\"2026-08-30T03:35:07+00:00\",\"author\":{\"@id\":\"https:\\\/\\\/depilacja-laserowa-lublin.pl\\\/#\\\/schema\\\/person\\\/e159bba8b67bb61060f45552b4407032\"},\"breadcrumb\":{\"@id\":\"https:\\\/\\\/depilacja-laserowa-lublin.pl\\\/index.php\\\/2026\\\/08\\\/30\\\/depilacja-laserowa-a-laser-frakcyjny-roznice-w-dzialaniu\\\/#breadcrumb\"},\"inLanguage\":\"pl-PL\",\"potentialAction\":[{\"@type\":\"ReadAction\",\"target\":[\"https:\\\/\\\/depilacja-laserowa-lublin.pl\\\/index.php\\\/2026\\\/08\\\/30\\\/depilacja-laserowa-a-laser-frakcyjny-roznice-w-dzialaniu\\\/\"]}]},{\"@type\":\"ImageObject\",\"inLanguage\":\"pl-PL\",\"@id\":\"https:\\\/\\\/depilacja-laserowa-lublin.pl\\\/index.php\\\/2026\\\/08\\\/30\\\/depilacja-laserowa-a-laser-frakcyjny-roznice-w-dzialaniu\\\/#primaryimage\",\"url\":\"https:\\\/\\\/depilacja-laserowa-lublin.pl\\\/wp-content\\\/uploads\\\/2026\\\/08\\\/output1-13.webp\",\"contentUrl\":\"https:\\\/\\\/depilacja-laserowa-lublin.pl\\\/wp-content\\\/uploads\\\/2026\\\/08\\\/output1-13.webp\",\"width\":1024,\"height\":1024},{\"@type\":\"BreadcrumbList\",\"@id\":\"https:\\\/\\\/depilacja-laserowa-lublin.pl\\\/index.php\\\/2026\\\/08\\\/30\\\/depilacja-laserowa-a-laser-frakcyjny-roznice-w-dzialaniu\\\/#breadcrumb\",\"itemListElement\":[{\"@type\":\"ListItem\",\"position\":1,\"name\":\"Strona g\u0142\u00f3wna\",\"item\":\"https:\\\/\\\/depilacja-laserowa-lublin.pl\\\/\"},{\"@type\":\"ListItem\",\"position\":2,\"name\":\"Depilacja laserowa a laser frakcyjny \u2013 r\u00f3\u017cnice w dzia\u0142aniu\"}]},{\"@type\":\"WebSite\",\"@id\":\"https:\\\/\\\/depilacja-laserowa-lublin.pl\\\/#website\",\"url\":\"https:\\\/\\\/depilacja-laserowa-lublin.pl\\\/\",\"name\":\"Depilacja laserowa\",\"description\":\"serwis o depilacji laserowej\",\"potentialAction\":[{\"@type\":\"SearchAction\",\"target\":{\"@type\":\"EntryPoint\",\"urlTemplate\":\"https:\\\/\\\/depilacja-laserowa-lublin.pl\\\/?s={search_term_string}\"},\"query-input\":{\"@type\":\"PropertyValueSpecification\",\"valueRequired\":true,\"valueName\":\"search_term_string\"}}],\"inLanguage\":\"pl-PL\"},{\"@type\":\"Person\",\"@id\":\"https:\\\/\\\/depilacja-laserowa-lublin.pl\\\/#\\\/schema\\\/person\\\/e159bba8b67bb61060f45552b4407032\",\"name\":\"depilacja-laserowa\",\"image\":{\"@type\":\"ImageObject\",\"inLanguage\":\"pl-PL\",\"@id\":\"https:\\\/\\\/secure.gravatar.com\\\/avatar\\\/4e609b381659f1df9d3dea107e3c05fa9ad22a194ec1799dd9a433deddc1fe2c?s=96&d=mm&r=g\",\"url\":\"https:\\\/\\\/secure.gravatar.com\\\/avatar\\\/4e609b381659f1df9d3dea107e3c05fa9ad22a194ec1799dd9a433deddc1fe2c?s=96&d=mm&r=g\",\"contentUrl\":\"https:\\\/\\\/secure.gravatar.com\\\/avatar\\\/4e609b381659f1df9d3dea107e3c05fa9ad22a194ec1799dd9a433deddc1fe2c?s=96&d=mm&r=g\",\"caption\":\"depilacja-laserowa\"},\"sameAs\":[\"https:\\\/\\\/depilacja-laserowa-lublin.pl\"]}]}<\/script>\n<!-- \/ Yoast SEO plugin. -->","yoast_head_json":{"title":"Depilacja laserowa a laser frakcyjny \u2013 r\u00f3\u017cnice w dzia\u0142aniu - Depilacja laserowa","robots":{"index":"index","follow":"follow","max-snippet":"max-snippet:-1","max-image-preview":"max-image-preview:large","max-video-preview":"max-video-preview:-1"},"canonical":"https:\/\/depilacja-laserowa-lublin.pl\/index.php\/2026\/08\/30\/depilacja-laserowa-a-laser-frakcyjny-roznice-w-dzialaniu\/","og_locale":"pl_PL","og_type":"article","og_title":"Depilacja laserowa a laser frakcyjny \u2013 r\u00f3\u017cnice w dzia\u0142aniu - Depilacja laserowa","og_description":"Depilacja laserowa oraz zabiegi z u\u017cyciem lasera frakcyjnego staj\u0105 si\u0119 coraz bardziej popularne w gabinetach medycyny estetycznej. Oba rozwi\u0105zania opieraj\u0105 si\u0119 na energii \u015bwietlnej, jednak r\u00f3\u017cni\u0105 si\u0119 mechanizmem dzia\u0142ania, zakresem zastosowa\u0144 i etapami piel\u0119gnacji pozabiegowej. W poni\u017cszym artykule przyjrzymy si\u0119 szczeg\u00f3\u0142om technicznym, praktycznym wskaz\u00f3wkom oraz najwa\u017cniejszym aspektom zwi\u0105zanym z efektem i bezpiecze\u0144stwem. Mechanizm dzia\u0142ania depilacji...","og_url":"https:\/\/depilacja-laserowa-lublin.pl\/index.php\/2026\/08\/30\/depilacja-laserowa-a-laser-frakcyjny-roznice-w-dzialaniu\/","og_site_name":"Depilacja laserowa","article_published_time":"2026-08-30T03:35:07+00:00","author":"depilacja-laserowa","twitter_card":"summary_large_image","twitter_misc":{"Napisane przez":"depilacja-laserowa","Szacowany czas czytania":"3 minuty"},"schema":{"@context":"https:\/\/schema.org","@graph":[{"@type":"Article","@id":"https:\/\/depilacja-laserowa-lublin.pl\/index.php\/2026\/08\/30\/depilacja-laserowa-a-laser-frakcyjny-roznice-w-dzialaniu\/#article","isPartOf":{"@id":"https:\/\/depilacja-laserowa-lublin.pl\/index.php\/2026\/08\/30\/depilacja-laserowa-a-laser-frakcyjny-roznice-w-dzialaniu\/"},"author":{"name":"depilacja-laserowa","@id":"https:\/\/depilacja-laserowa-lublin.pl\/#\/schema\/person\/e159bba8b67bb61060f45552b4407032"},"headline":"Depilacja laserowa a laser frakcyjny \u2013 r\u00f3\u017cnice w dzia\u0142aniu","datePublished":"2026-08-30T03:35:07+00:00","mainEntityOfPage":{"@id":"https:\/\/depilacja-laserowa-lublin.pl\/index.php\/2026\/08\/30\/depilacja-laserowa-a-laser-frakcyjny-roznice-w-dzialaniu\/"},"wordCount":632,"image":{"@id":"https:\/\/depilacja-laserowa-lublin.pl\/index.php\/2026\/08\/30\/depilacja-laserowa-a-laser-frakcyjny-roznice-w-dzialaniu\/#primaryimage"},"thumbnailUrl":"https:\/\/depilacja-laserowa-lublin.pl\/wp-content\/uploads\/2026\/08\/output1-13.webp","articleSection":["Depilacja laserowa"],"inLanguage":"pl-PL"},{"@type":"WebPage","@id":"https:\/\/depilacja-laserowa-lublin.pl\/index.php\/2026\/08\/30\/depilacja-laserowa-a-laser-frakcyjny-roznice-w-dzialaniu\/","url":"https:\/\/depilacja-laserowa-lublin.pl\/index.php\/2026\/08\/30\/depilacja-laserowa-a-laser-frakcyjny-roznice-w-dzialaniu\/","name":"Depilacja laserowa a laser frakcyjny \u2013 r\u00f3\u017cnice w dzia\u0142aniu - Depilacja laserowa","isPartOf":{"@id":"https:\/\/depilacja-laserowa-lublin.pl\/#website"},"primaryImageOfPage":{"@id":"https:\/\/depilacja-laserowa-lublin.pl\/index.php\/2026\/08\/30\/depilacja-laserowa-a-laser-frakcyjny-roznice-w-dzialaniu\/#primaryimage"},"image":{"@id":"https:\/\/depilacja-laserowa-lublin.pl\/index.php\/2026\/08\/30\/depilacja-laserowa-a-laser-frakcyjny-roznice-w-dzialaniu\/#primaryimage"},"thumbnailUrl":"https:\/\/depilacja-laserowa-lublin.pl\/wp-content\/uploads\/2026\/08\/output1-13.webp","datePublished":"2026-08-30T03:35:07+00:00","author":{"@id":"https:\/\/depilacja-laserowa-lublin.pl\/#\/schema\/person\/e159bba8b67bb61060f45552b4407032"},"breadcrumb":{"@id":"https:\/\/depilacja-laserowa-lublin.pl\/index.php\/2026\/08\/30\/depilacja-laserowa-a-laser-frakcyjny-roznice-w-dzialaniu\/#breadcrumb"},"inLanguage":"pl-PL","potentialAction":[{"@type":"ReadAction","target":["https:\/\/depilacja-laserowa-lublin.pl\/index.php\/2026\/08\/30\/depilacja-laserowa-a-laser-frakcyjny-roznice-w-dzialaniu\/"]}]},{"@type":"ImageObject","inLanguage":"pl-PL","@id":"https:\/\/depilacja-laserowa-lublin.pl\/index.php\/2026\/08\/30\/depilacja-laserowa-a-laser-frakcyjny-roznice-w-dzialaniu\/#primaryimage","url":"https:\/\/depilacja-laserowa-lublin.pl\/wp-content\/uploads\/2026\/08\/output1-13.webp","contentUrl":"https:\/\/depilacja-laserowa-lublin.pl\/wp-content\/uploads\/2026\/08\/output1-13.webp","width":1024,"height":1024},{"@type":"BreadcrumbList","@id":"https:\/\/depilacja-laserowa-lublin.pl\/index.php\/2026\/08\/30\/depilacja-laserowa-a-laser-frakcyjny-roznice-w-dzialaniu\/#breadcrumb","itemListElement":[{"@type":"ListItem","position":1,"name":"Strona g\u0142\u00f3wna","item":"https:\/\/depilacja-laserowa-lublin.pl\/"},{"@type":"ListItem","position":2,"name":"Depilacja laserowa a laser frakcyjny \u2013 r\u00f3\u017cnice w dzia\u0142aniu"}]},{"@type":"WebSite","@id":"https:\/\/depilacja-laserowa-lublin.pl\/#website","url":"https:\/\/depilacja-laserowa-lublin.pl\/","name":"Depilacja laserowa","description":"serwis o depilacji laserowej","potentialAction":[{"@type":"SearchAction","target":{"@type":"EntryPoint","urlTemplate":"https:\/\/depilacja-laserowa-lublin.pl\/?s={search_term_string}"},"query-input":{"@type":"PropertyValueSpecification","valueRequired":true,"valueName":"search_term_string"}}],"inLanguage":"pl-PL"},{"@type":"Person","@id":"https:\/\/depilacja-laserowa-lublin.pl\/#\/schema\/person\/e159bba8b67bb61060f45552b4407032","name":"depilacja-laserowa","image":{"@type":"ImageObject","inLanguage":"pl-PL","@id":"https:\/\/secure.gravatar.com\/avatar\/4e609b381659f1df9d3dea107e3c05fa9ad22a194ec1799dd9a433deddc1fe2c?s=96&d=mm&r=g","url":"https:\/\/secure.gravatar.com\/avatar\/4e609b381659f1df9d3dea107e3c05fa9ad22a194ec1799dd9a433deddc1fe2c?s=96&d=mm&r=g","contentUrl":"https:\/\/secure.gravatar.com\/avatar\/4e609b381659f1df9d3dea107e3c05fa9ad22a194ec1799dd9a433deddc1fe2c?s=96&d=mm&r=g","caption":"depilacja-laserowa"},"sameAs":["https:\/\/depilacja-laserowa-lublin.pl"]}]}},"_links":{"self":[{"href":"https:\/\/depilacja-laserowa-lublin.pl\/index.php\/wp-json\/wp\/v2\/posts\/723","targetHints":{"allow":["GET"]}}],"collection":[{"href":"https:\/\/depilacja-laserowa-lublin.pl\/index.php\/wp-json\/wp\/v2\/posts"}],"about":[{"href":"https:\/\/depilacja-laserowa-lublin.pl\/index.php\/wp-json\/wp\/v2\/types\/post"}],"author":[{"embeddable":true,"href":"https:\/\/depilacja-laserowa-lublin.pl\/index.php\/wp-json\/wp\/v2\/users\/1"}],"replies":[{"embeddable":true,"href":"https:\/\/depilacja-laserowa-lublin.pl\/index.php\/wp-json\/wp\/v2\/comments?post=723"}],"version-history":[{"count":0,"href":"https:\/\/depilacja-laserowa-lublin.pl\/index.php\/wp-json\/wp\/v2\/posts\/723\/revisions"}],"wp:featuredmedia":[{"embeddable":true,"href":"https:\/\/depilacja-laserowa-lublin.pl\/index.php\/wp-json\/wp\/v2\/media\/722"}],"wp:attachment":[{"href":"https:\/\/depilacja-laserowa-lublin.pl\/index.php\/wp-json\/wp\/v2\/media?parent=723"}],"wp:term":[{"taxonomy":"category","embeddable":true,"href":"https:\/\/depilacja-laserowa-lublin.pl\/index.php\/wp-json\/wp\/v2\/categories?post=723"},{"taxonomy":"post_tag","embeddable":true,"href":"https:\/\/depilacja-laserowa-lublin.pl\/index.php\/wp-json\/wp\/v2\/tags?post=723"}],"curies":[{"name":"wp","href":"https:\/\/api.w.org\/{rel}","templated":true}]}}