{"id":719,"date":"2026-08-28T03:15:15","date_gmt":"2026-08-28T03:15:15","guid":{"rendered":"https:\/\/depilacja-laserowa-lublin.pl\/index.php\/2026\/08\/28\/czy-depilacja-laserowa-moze-uszkodzic-skore-glowy\/"},"modified":"2026-08-28T03:15:15","modified_gmt":"2026-08-28T03:15:15","slug":"czy-depilacja-laserowa-moze-uszkodzic-skore-glowy","status":"publish","type":"post","link":"https:\/\/depilacja-laserowa-lublin.pl\/index.php\/2026\/08\/28\/czy-depilacja-laserowa-moze-uszkodzic-skore-glowy\/","title":{"rendered":"Czy depilacja laserowa mo\u017ce uszkodzi\u0107 sk\u00f3r\u0119 g\u0142owy?"},"content":{"rendered":"<p>Depilacja laserowa zyskuje coraz wi\u0119ksz\u0105 popularno\u015b\u0107 dzi\u0119ki swojej efektywno\u015bci w trwa\u0142ym usuwaniu niechcianego ow\u0142osienia. Coraz cz\u0119\u015bciej pojawiaj\u0105 si\u0119 jednak pytania dotycz\u0105ce tego, czy zabieg mo\u017ce by\u0107 stosowany bezpiecznie tak\u017ce na sk\u00f3rze g\u0142owy, a je\u015bli tak, to jakie niesie za sob\u0105 ryzyko. Poni\u017cszy artyku\u0142 przybli\u017ca mechanizmy dzia\u0142ania technologii laserowej, omawia potencjalne powik\u0142ania oraz obala mity zwi\u0105zane z zabiegiem, a tak\u017ce wskazuje najlepsze praktyki, by zminimalizowa\u0107 ryzyko uszkodze\u0144.<\/p>\n<h2>Jak dzia\u0142a depilacja laserowa?<\/h2>\n<p>Zabieg opiera si\u0119 na zasadzie selektywnej <strong>fototermolizy<\/strong>, w kt\u00f3rej wi\u0105zka <strong>lasera<\/strong> emituj\u0105ca energi\u0119 jest poch\u0142aniana przez barwnik ( <strong>melanin\u0119<\/strong> ) obecny w cebulce w\u0142osa. W wyniku tego procesu dochodzi do podgrzania i zniszczenia struktur odpowiedzialnych za wzrost w\u0142osa, przy r\u00f3wnoczesnym zachowaniu nienaruszonej sk\u00f3ry otaczaj\u0105cej mieszek. Kluczowe parametry wp\u0142ywaj\u0105ce na efektywno\u015b\u0107 metody to d\u0142ugo\u015b\u0107 fali, czas trwania impulsu oraz g\u0119sto\u015b\u0107 energii. W praktyce najcz\u0119\u015bciej stosowane rodzaje laser\u00f3w to:<\/p>\n<ul>\n<li>Laser diodowy \u2013 popularny ze wzgl\u0119du na korzystny stosunek skuteczno\u015bci i komfortu.<\/li>\n<li>Laser aleksandrytowy \u2013 charakteryzuje si\u0119 kr\u00f3tsz\u0105 d\u0142ugo\u015bci\u0105 fali, co sprzyja leczeniu jasnych w\u0142os\u00f3w.<\/li>\n<li>Laser Nd:YAG \u2013 g\u0142\u0119boko penetruje sk\u00f3r\u0119, cz\u0119sto stosowany w przypadku ciemnych fototyp\u00f3w.<\/li>\n<\/ul>\n<p>Podstawow\u0105 zalet\u0105 depilacji laserowej jest mo\u017cliwo\u015b\u0107 przeprowadzenia zabiegu na du\u017cych partiach cia\u0142a w stosunkowo kr\u00f3tkim czasie, przy jednoczesnym ograniczeniu ryzyka uszkodze\u0144 widocznych go\u0142ym okiem.<\/p>\n<h2>Bezpiecze\u0144stwo i mo\u017cliwe ryzyka<\/h2>\n<p>Cho\u0107 depilacja laserowa uchodzi za jedn\u0105 z bezpieczniejszych metod usuwania ow\u0142osienia, nie jest pozbawiona potencjalnych powik\u0142a\u0144. Najcz\u0119\u015bciej spotykane niepo\u017c\u0105dane skutki zabiegu to:<\/p>\n<ul>\n<li>Oparzenia termiczne \u2013 spowodowane zbyt wysok\u0105 g\u0119sto\u015bci\u0105 energii lub niew\u0142a\u015bciwym doborem parametr\u00f3w.<\/li>\n<li>Przebarwienia \u2013 zar\u00f3wno depigmentacja, jak i hiperpigmentacja w miejscu dzia\u0142ania wi\u0105zki.<\/li>\n<li>Zak\u0142\u00f3cenia wzrostu w\u0142os\u00f3w \u2013 w niekt\u00f3rych przypadkach w\u0142osy staj\u0105 si\u0119 cie\u0144sze, s\u0142absze, a przy powa\u017cniejszych problemach mog\u0105 odrasta\u0107 w formie k\u0142aczk\u00f3w.<\/li>\n<li>Stan zapalny i obrz\u0119k \u2013 miejscowe zaczerwienienie utrzymuj\u0105ce si\u0119 do kilku dni.<\/li>\n<\/ul>\n<h3>\u015arodki ostro\u017cno\u015bci<\/h3>\n<p>Aby zredukowa\u0107 ryzyko <strong>powik\u0142a\u0144<\/strong>, nale\u017cy:<\/p>\n<ul>\n<li>Przeprowadzi\u0107 test pr\u00f3bny na ma\u0142ej powierzchni sk\u00f3ry.<\/li>\n<li>Stosowa\u0107 okulary ochronne chroni\u0105ce przed promieniowaniem laserowym.<\/li>\n<li>Unika\u0107 ekspozycji na s\u0142o\u0144ce oraz stosowa\u0107 filtry UV przed i po zabiegu.<\/li>\n<li>Dobiera\u0107 parametry urz\u0105dzenia do indywidualnego <strong>fototypu<\/strong> i koloru w\u0142os\u00f3w.<\/li>\n<\/ul>\n<h2>Specyfika depilacji sk\u00f3ry g\u0142owy<\/h2>\n<p>Przeniesienie technologii laserowej na obszar sk\u00f3ry g\u0142owy wi\u0105\u017ce si\u0119 z dodatkowymi wyzwaniami. W przeciwie\u0144stwie do sk\u00f3ry cia\u0142a, na g\u0142owie:<\/p>\n<ul>\n<li>W\u0142osy s\u0105 cz\u0119sto grub\u00adsze i g\u0119stsze \u2013 co wymaga wy\u017cszej mocy impulsu.<\/li>\n<li>Sk\u00f3ra mo\u017ce by\u0107 bardziej wra\u017cliwa \u2013 \u0142atwiej o podra\u017cnienia i uczucie pieczenia.<\/li>\n<li>Mi\u0119kkie partie, takie jak okolice skroni czy karku, s\u0105 trudniej dost\u0119pne i podatne na nier\u00f3wnomierne ch\u0142odzenie.<\/li>\n<\/ul>\n<h3>Czy laser mo\u017ce uszkodzi\u0107 sk\u00f3r\u0119 g\u0142owy?<\/h3>\n<p>Zastosowanie zbyt wysokiej <strong>precyzji<\/strong> energii mo\u017ce prowadzi\u0107 do poparze\u0144, miejscowego wypadania w\u0142os\u00f3w w spos\u00f3b nieregularny, a nawet uszkodzenia mieszk\u00f3w w\u0142osowych na sta\u0142e. Jednak przy w\u0142a\u015bciwym przygotowaniu pacjenta i doborze parametr\u00f3w zabiegu ryzyko to jest minimalne. Kluczowe znaczenie maj\u0105:<\/p>\n<ul>\n<li>Dok\u0142adne oczyszczenie i odt\u0142uszczenie sk\u00f3ry.<\/li>\n<li>Stopniowe zwi\u0119kszanie mocy lasera w kolejnych seriach zabiegowych.<\/li>\n<li>Zastosowanie urz\u0105dze\u0144 z systemem ch\u0142odzenia kontaktowego lub powietrznym.<\/li>\n<\/ul>\n<h2>Fakty i mity zwi\u0105zane z depilacj\u0105 laserow\u0105<\/h2>\n<p>Wok\u00f3\u0142 depilacji laserowej naros\u0142o wiele przekona\u0144. Poni\u017cej obalamy najpopularniejsze z nich:<\/p>\n<ul>\n<li><u>Mit:<\/u> Zabieg jest bolesny na tyle, \u017ce nie da si\u0119 go wytrzyma\u0107.<br \/>\n      <br \/><u>Fakt:<\/u> W wi\u0119kszo\u015bci przypadk\u00f3w odczuwa si\u0119 jedynie lekkie pieczenie podobne do pstrykni\u0119cia gumk\u0105.<\/li>\n<li><u>Mit:<\/u> Mo\u017cna wykona\u0107 tylko jedn\u0105 sesj\u0119 i problem znika na zawsze.<br \/>\n      <br \/><u>Fakt:<\/u> Niezb\u0119dna jest seria zabieg\u00f3w (zazwyczaj 6\u20138), by obj\u0105\u0107 wszystkie fazy wzrostu w\u0142osa.<\/li>\n<li><u>Mit:<\/u> Tylko osoby z ciemnymi w\u0142osami mog\u0105 skorzysta\u0107 z lasera.<br \/>\n      <br \/><u>Fakt:<\/u> Dzi\u0119ki r\u00f3\u017cnym d\u0142ugo\u015bciom fali i technikom wielosekwencyjnym depilacja jest mo\u017cliwa r\u00f3wnie\u017c u os\u00f3b o ja\u015bniejszych w\u0142osach, cho\u0107 mo\u017ce by\u0107 mniej efektywna.<\/li>\n<li><u>Mit:<\/u> Po depilacji laserowej sk\u00f3ra g\u0142owy ju\u017c nigdy nie wyprodukuje nowych w\u0142os\u00f3w.<br \/>\n      <br \/><u>Fakt:<\/u> Zabieg nie jest metod\u0105 leczenia \u0142ysienia, mo\u017ce jedynie spowolni\u0107 wzrost w\u0142osa, nie stymuluje jednak czynnik\u00f3w odpowiedzialnych za odrastanie nowego ow\u0142osienia.<\/li>\n<li><u>Mit:<\/u> Laser usuwa w\u0142osy natychmiastowo.<br \/>\n      <br \/><u>Fakt:<\/u> W\u0142osy wypadaj\u0105 stopniowo przez kilka tygodni po zabiegu.<\/li>\n<\/ul>\n<h2>Alternatywne metody i innowacje<\/h2>\n<p>Dla os\u00f3b poszukuj\u0105cych uzupe\u0142nienia lub alternatywy dla klasycznego lasera dost\u0119pne s\u0105:<\/p>\n<ul>\n<li>IPL (Intense Pulsed Light) \u2013 technologia wykorzystuj\u0105ca szerokie spektrum fal \u015bwietlnych.<\/li>\n<li>Elektroliza \u2013 metoda wymagaj\u0105ca wk\u0142ucia elektrody do mieszka w\u0142osowego (skuteczna, lecz czasoch\u0142onna).<\/li>\n<li>Elos (Electro-Optical Synergy) \u2013 \u0142\u0105czy \u015bwiat\u0142o i pr\u0105d RF w celu zwi\u0119kszenia precyzji i bezpiecze\u0144stwa.<\/li>\n<li>Lasery pikosekundowe \u2013 nowa generacja o kr\u00f3tszym czasie impulsu, ograniczaj\u0105ca ryzyko oparze\u0144.<\/li>\n<\/ul>\n<p>Dzi\u0119ki ci\u0105g\u0142emu rozwojowi technologii nowe urz\u0105dzenia oferuj\u0105 coraz lepsze rezultaty przy ni\u017cszym poziomie dyskomfortu oraz mniejszym ryzyku <strong>uszkodzenia<\/strong> sk\u00f3ry.<\/p>\n<h2>Podsumowanie praktycznych wskaz\u00f3wek<\/h2>\n<p>Odpowiednie przygotowanie i wyb\u00f3r do\u015bwiadczo\u00adnego specjalisty gwarantuje, \u017ce depilacja laserowa na sk\u00f3rze g\u0142owy jest zabiegiem mo\u017cliwym do przeprowadzenia z zachowaniem maksymalnego <strong>bezpiecze\u0144stwa<\/strong>. Kluczowe elementy to dob\u00f3r w\u0142a\u015bciwych parametr\u00f3w, stosowanie ochrony i ch\u0142odzenia oraz przestrzeganie zalece\u0144 pozabiegowych. Cho\u0107 nie jest to z\u0142oty \u015brodek na problemy z \u0142ysieniem, mo\u017ce stanowi\u0107 cenne uzupe\u0142nienie terapii trychologicznych oraz spos\u00f3b na redukcj\u0119 nadmiernego ow\u0142osienia w okre\u015blonych przypadkach.<\/p>\n","protected":false},"excerpt":{"rendered":"<p>Depilacja laserowa zyskuje coraz wi\u0119ksz\u0105 popularno\u015b\u0107 dzi\u0119ki swojej efektywno\u015bci w trwa\u0142ym usuwaniu niechcianego ow\u0142osienia. Coraz cz\u0119\u015bciej pojawiaj\u0105 si\u0119 jednak pytania dotycz\u0105ce tego, czy zabieg mo\u017ce by\u0107 stosowany bezpiecznie tak\u017ce na sk\u00f3rze g\u0142owy, a je\u015bli tak, to jakie niesie za sob\u0105 ryzyko. Poni\u017cszy artyku\u0142 przybli\u017ca mechanizmy dzia\u0142ania technologii laserowej, omawia potencjalne powik\u0142ania oraz obala mity zwi\u0105zane&#8230;<\/p>\n","protected":false},"author":1,"featured_media":718,"comment_status":"closed","ping_status":"closed","sticky":false,"template":"","format":"standard","meta":{"footnotes":""},"categories":[1],"tags":[],"class_list":["post-719","post","type-post","status-publish","format-standard","has-post-thumbnail","hentry","category-depilacja-laserowa"],"yoast_head":"<!-- This site is optimized with the Yoast SEO plugin v28.4 - https:\/\/yoast.com\/product\/yoast-seo-wordpress\/ -->\n<title>Czy depilacja laserowa mo\u017ce uszkodzi\u0107 sk\u00f3r\u0119 g\u0142owy? - Depilacja laserowa<\/title>\n<meta name=\"robots\" content=\"index, follow, max-snippet:-1, max-image-preview:large, max-video-preview:-1\" \/>\n<link rel=\"canonical\" href=\"https:\/\/depilacja-laserowa-lublin.pl\/index.php\/2026\/08\/28\/czy-depilacja-laserowa-moze-uszkodzic-skore-glowy\/\" \/>\n<meta property=\"og:locale\" content=\"pl_PL\" \/>\n<meta property=\"og:type\" content=\"article\" \/>\n<meta property=\"og:title\" content=\"Czy depilacja laserowa mo\u017ce uszkodzi\u0107 sk\u00f3r\u0119 g\u0142owy? - Depilacja laserowa\" \/>\n<meta property=\"og:description\" content=\"Depilacja laserowa zyskuje coraz wi\u0119ksz\u0105 popularno\u015b\u0107 dzi\u0119ki swojej efektywno\u015bci w trwa\u0142ym usuwaniu niechcianego ow\u0142osienia. Coraz cz\u0119\u015bciej pojawiaj\u0105 si\u0119 jednak pytania dotycz\u0105ce tego, czy zabieg mo\u017ce by\u0107 stosowany bezpiecznie tak\u017ce na sk\u00f3rze g\u0142owy, a je\u015bli tak, to jakie niesie za sob\u0105 ryzyko. Poni\u017cszy artyku\u0142 przybli\u017ca mechanizmy dzia\u0142ania technologii laserowej, omawia potencjalne powik\u0142ania oraz obala mity zwi\u0105zane...\" \/>\n<meta property=\"og:url\" content=\"https:\/\/depilacja-laserowa-lublin.pl\/index.php\/2026\/08\/28\/czy-depilacja-laserowa-moze-uszkodzic-skore-glowy\/\" \/>\n<meta property=\"og:site_name\" content=\"Depilacja laserowa\" \/>\n<meta property=\"article:published_time\" content=\"2026-08-28T03:15:15+00:00\" \/>\n<meta name=\"author\" content=\"depilacja-laserowa\" \/>\n<meta name=\"twitter:card\" content=\"summary_large_image\" \/>\n<meta name=\"twitter:label1\" content=\"Napisane przez\" \/>\n\t<meta name=\"twitter:data1\" content=\"depilacja-laserowa\" \/>\n\t<meta name=\"twitter:label2\" content=\"Szacowany czas czytania\" \/>\n\t<meta name=\"twitter:data2\" content=\"5 minut\" \/>\n<script type=\"application\/ld+json\" class=\"yoast-schema-graph\">{\"@context\":\"https:\\\/\\\/schema.org\",\"@graph\":[{\"@type\":\"Article\",\"@id\":\"https:\\\/\\\/depilacja-laserowa-lublin.pl\\\/index.php\\\/2026\\\/08\\\/28\\\/czy-depilacja-laserowa-moze-uszkodzic-skore-glowy\\\/#article\",\"isPartOf\":{\"@id\":\"https:\\\/\\\/depilacja-laserowa-lublin.pl\\\/index.php\\\/2026\\\/08\\\/28\\\/czy-depilacja-laserowa-moze-uszkodzic-skore-glowy\\\/\"},\"author\":{\"name\":\"depilacja-laserowa\",\"@id\":\"https:\\\/\\\/depilacja-laserowa-lublin.pl\\\/#\\\/schema\\\/person\\\/e159bba8b67bb61060f45552b4407032\"},\"headline\":\"Czy depilacja laserowa mo\u017ce uszkodzi\u0107 sk\u00f3r\u0119 g\u0142owy?\",\"datePublished\":\"2026-08-28T03:15:15+00:00\",\"mainEntityOfPage\":{\"@id\":\"https:\\\/\\\/depilacja-laserowa-lublin.pl\\\/index.php\\\/2026\\\/08\\\/28\\\/czy-depilacja-laserowa-moze-uszkodzic-skore-glowy\\\/\"},\"wordCount\":941,\"image\":{\"@id\":\"https:\\\/\\\/depilacja-laserowa-lublin.pl\\\/index.php\\\/2026\\\/08\\\/28\\\/czy-depilacja-laserowa-moze-uszkodzic-skore-glowy\\\/#primaryimage\"},\"thumbnailUrl\":\"https:\\\/\\\/depilacja-laserowa-lublin.pl\\\/wp-content\\\/uploads\\\/2026\\\/08\\\/output1-12.webp\",\"articleSection\":[\"Depilacja laserowa\"],\"inLanguage\":\"pl-PL\"},{\"@type\":\"WebPage\",\"@id\":\"https:\\\/\\\/depilacja-laserowa-lublin.pl\\\/index.php\\\/2026\\\/08\\\/28\\\/czy-depilacja-laserowa-moze-uszkodzic-skore-glowy\\\/\",\"url\":\"https:\\\/\\\/depilacja-laserowa-lublin.pl\\\/index.php\\\/2026\\\/08\\\/28\\\/czy-depilacja-laserowa-moze-uszkodzic-skore-glowy\\\/\",\"name\":\"Czy depilacja laserowa mo\u017ce uszkodzi\u0107 sk\u00f3r\u0119 g\u0142owy? - Depilacja laserowa\",\"isPartOf\":{\"@id\":\"https:\\\/\\\/depilacja-laserowa-lublin.pl\\\/#website\"},\"primaryImageOfPage\":{\"@id\":\"https:\\\/\\\/depilacja-laserowa-lublin.pl\\\/index.php\\\/2026\\\/08\\\/28\\\/czy-depilacja-laserowa-moze-uszkodzic-skore-glowy\\\/#primaryimage\"},\"image\":{\"@id\":\"https:\\\/\\\/depilacja-laserowa-lublin.pl\\\/index.php\\\/2026\\\/08\\\/28\\\/czy-depilacja-laserowa-moze-uszkodzic-skore-glowy\\\/#primaryimage\"},\"thumbnailUrl\":\"https:\\\/\\\/depilacja-laserowa-lublin.pl\\\/wp-content\\\/uploads\\\/2026\\\/08\\\/output1-12.webp\",\"datePublished\":\"2026-08-28T03:15:15+00:00\",\"author\":{\"@id\":\"https:\\\/\\\/depilacja-laserowa-lublin.pl\\\/#\\\/schema\\\/person\\\/e159bba8b67bb61060f45552b4407032\"},\"breadcrumb\":{\"@id\":\"https:\\\/\\\/depilacja-laserowa-lublin.pl\\\/index.php\\\/2026\\\/08\\\/28\\\/czy-depilacja-laserowa-moze-uszkodzic-skore-glowy\\\/#breadcrumb\"},\"inLanguage\":\"pl-PL\",\"potentialAction\":[{\"@type\":\"ReadAction\",\"target\":[\"https:\\\/\\\/depilacja-laserowa-lublin.pl\\\/index.php\\\/2026\\\/08\\\/28\\\/czy-depilacja-laserowa-moze-uszkodzic-skore-glowy\\\/\"]}]},{\"@type\":\"ImageObject\",\"inLanguage\":\"pl-PL\",\"@id\":\"https:\\\/\\\/depilacja-laserowa-lublin.pl\\\/index.php\\\/2026\\\/08\\\/28\\\/czy-depilacja-laserowa-moze-uszkodzic-skore-glowy\\\/#primaryimage\",\"url\":\"https:\\\/\\\/depilacja-laserowa-lublin.pl\\\/wp-content\\\/uploads\\\/2026\\\/08\\\/output1-12.webp\",\"contentUrl\":\"https:\\\/\\\/depilacja-laserowa-lublin.pl\\\/wp-content\\\/uploads\\\/2026\\\/08\\\/output1-12.webp\",\"width\":1024,\"height\":1024},{\"@type\":\"BreadcrumbList\",\"@id\":\"https:\\\/\\\/depilacja-laserowa-lublin.pl\\\/index.php\\\/2026\\\/08\\\/28\\\/czy-depilacja-laserowa-moze-uszkodzic-skore-glowy\\\/#breadcrumb\",\"itemListElement\":[{\"@type\":\"ListItem\",\"position\":1,\"name\":\"Strona g\u0142\u00f3wna\",\"item\":\"https:\\\/\\\/depilacja-laserowa-lublin.pl\\\/\"},{\"@type\":\"ListItem\",\"position\":2,\"name\":\"Czy depilacja laserowa mo\u017ce uszkodzi\u0107 sk\u00f3r\u0119 g\u0142owy?\"}]},{\"@type\":\"WebSite\",\"@id\":\"https:\\\/\\\/depilacja-laserowa-lublin.pl\\\/#website\",\"url\":\"https:\\\/\\\/depilacja-laserowa-lublin.pl\\\/\",\"name\":\"Depilacja laserowa\",\"description\":\"serwis o depilacji laserowej\",\"potentialAction\":[{\"@type\":\"SearchAction\",\"target\":{\"@type\":\"EntryPoint\",\"urlTemplate\":\"https:\\\/\\\/depilacja-laserowa-lublin.pl\\\/?s={search_term_string}\"},\"query-input\":{\"@type\":\"PropertyValueSpecification\",\"valueRequired\":true,\"valueName\":\"search_term_string\"}}],\"inLanguage\":\"pl-PL\"},{\"@type\":\"Person\",\"@id\":\"https:\\\/\\\/depilacja-laserowa-lublin.pl\\\/#\\\/schema\\\/person\\\/e159bba8b67bb61060f45552b4407032\",\"name\":\"depilacja-laserowa\",\"image\":{\"@type\":\"ImageObject\",\"inLanguage\":\"pl-PL\",\"@id\":\"https:\\\/\\\/secure.gravatar.com\\\/avatar\\\/4e609b381659f1df9d3dea107e3c05fa9ad22a194ec1799dd9a433deddc1fe2c?s=96&d=mm&r=g\",\"url\":\"https:\\\/\\\/secure.gravatar.com\\\/avatar\\\/4e609b381659f1df9d3dea107e3c05fa9ad22a194ec1799dd9a433deddc1fe2c?s=96&d=mm&r=g\",\"contentUrl\":\"https:\\\/\\\/secure.gravatar.com\\\/avatar\\\/4e609b381659f1df9d3dea107e3c05fa9ad22a194ec1799dd9a433deddc1fe2c?s=96&d=mm&r=g\",\"caption\":\"depilacja-laserowa\"},\"sameAs\":[\"https:\\\/\\\/depilacja-laserowa-lublin.pl\"]}]}<\/script>\n<!-- \/ Yoast SEO plugin. -->","yoast_head_json":{"title":"Czy depilacja laserowa mo\u017ce uszkodzi\u0107 sk\u00f3r\u0119 g\u0142owy? - Depilacja laserowa","robots":{"index":"index","follow":"follow","max-snippet":"max-snippet:-1","max-image-preview":"max-image-preview:large","max-video-preview":"max-video-preview:-1"},"canonical":"https:\/\/depilacja-laserowa-lublin.pl\/index.php\/2026\/08\/28\/czy-depilacja-laserowa-moze-uszkodzic-skore-glowy\/","og_locale":"pl_PL","og_type":"article","og_title":"Czy depilacja laserowa mo\u017ce uszkodzi\u0107 sk\u00f3r\u0119 g\u0142owy? - Depilacja laserowa","og_description":"Depilacja laserowa zyskuje coraz wi\u0119ksz\u0105 popularno\u015b\u0107 dzi\u0119ki swojej efektywno\u015bci w trwa\u0142ym usuwaniu niechcianego ow\u0142osienia. Coraz cz\u0119\u015bciej pojawiaj\u0105 si\u0119 jednak pytania dotycz\u0105ce tego, czy zabieg mo\u017ce by\u0107 stosowany bezpiecznie tak\u017ce na sk\u00f3rze g\u0142owy, a je\u015bli tak, to jakie niesie za sob\u0105 ryzyko. Poni\u017cszy artyku\u0142 przybli\u017ca mechanizmy dzia\u0142ania technologii laserowej, omawia potencjalne powik\u0142ania oraz obala mity zwi\u0105zane...","og_url":"https:\/\/depilacja-laserowa-lublin.pl\/index.php\/2026\/08\/28\/czy-depilacja-laserowa-moze-uszkodzic-skore-glowy\/","og_site_name":"Depilacja laserowa","article_published_time":"2026-08-28T03:15:15+00:00","author":"depilacja-laserowa","twitter_card":"summary_large_image","twitter_misc":{"Napisane przez":"depilacja-laserowa","Szacowany czas czytania":"5 minut"},"schema":{"@context":"https:\/\/schema.org","@graph":[{"@type":"Article","@id":"https:\/\/depilacja-laserowa-lublin.pl\/index.php\/2026\/08\/28\/czy-depilacja-laserowa-moze-uszkodzic-skore-glowy\/#article","isPartOf":{"@id":"https:\/\/depilacja-laserowa-lublin.pl\/index.php\/2026\/08\/28\/czy-depilacja-laserowa-moze-uszkodzic-skore-glowy\/"},"author":{"name":"depilacja-laserowa","@id":"https:\/\/depilacja-laserowa-lublin.pl\/#\/schema\/person\/e159bba8b67bb61060f45552b4407032"},"headline":"Czy depilacja laserowa mo\u017ce uszkodzi\u0107 sk\u00f3r\u0119 g\u0142owy?","datePublished":"2026-08-28T03:15:15+00:00","mainEntityOfPage":{"@id":"https:\/\/depilacja-laserowa-lublin.pl\/index.php\/2026\/08\/28\/czy-depilacja-laserowa-moze-uszkodzic-skore-glowy\/"},"wordCount":941,"image":{"@id":"https:\/\/depilacja-laserowa-lublin.pl\/index.php\/2026\/08\/28\/czy-depilacja-laserowa-moze-uszkodzic-skore-glowy\/#primaryimage"},"thumbnailUrl":"https:\/\/depilacja-laserowa-lublin.pl\/wp-content\/uploads\/2026\/08\/output1-12.webp","articleSection":["Depilacja laserowa"],"inLanguage":"pl-PL"},{"@type":"WebPage","@id":"https:\/\/depilacja-laserowa-lublin.pl\/index.php\/2026\/08\/28\/czy-depilacja-laserowa-moze-uszkodzic-skore-glowy\/","url":"https:\/\/depilacja-laserowa-lublin.pl\/index.php\/2026\/08\/28\/czy-depilacja-laserowa-moze-uszkodzic-skore-glowy\/","name":"Czy depilacja laserowa mo\u017ce uszkodzi\u0107 sk\u00f3r\u0119 g\u0142owy? - Depilacja laserowa","isPartOf":{"@id":"https:\/\/depilacja-laserowa-lublin.pl\/#website"},"primaryImageOfPage":{"@id":"https:\/\/depilacja-laserowa-lublin.pl\/index.php\/2026\/08\/28\/czy-depilacja-laserowa-moze-uszkodzic-skore-glowy\/#primaryimage"},"image":{"@id":"https:\/\/depilacja-laserowa-lublin.pl\/index.php\/2026\/08\/28\/czy-depilacja-laserowa-moze-uszkodzic-skore-glowy\/#primaryimage"},"thumbnailUrl":"https:\/\/depilacja-laserowa-lublin.pl\/wp-content\/uploads\/2026\/08\/output1-12.webp","datePublished":"2026-08-28T03:15:15+00:00","author":{"@id":"https:\/\/depilacja-laserowa-lublin.pl\/#\/schema\/person\/e159bba8b67bb61060f45552b4407032"},"breadcrumb":{"@id":"https:\/\/depilacja-laserowa-lublin.pl\/index.php\/2026\/08\/28\/czy-depilacja-laserowa-moze-uszkodzic-skore-glowy\/#breadcrumb"},"inLanguage":"pl-PL","potentialAction":[{"@type":"ReadAction","target":["https:\/\/depilacja-laserowa-lublin.pl\/index.php\/2026\/08\/28\/czy-depilacja-laserowa-moze-uszkodzic-skore-glowy\/"]}]},{"@type":"ImageObject","inLanguage":"pl-PL","@id":"https:\/\/depilacja-laserowa-lublin.pl\/index.php\/2026\/08\/28\/czy-depilacja-laserowa-moze-uszkodzic-skore-glowy\/#primaryimage","url":"https:\/\/depilacja-laserowa-lublin.pl\/wp-content\/uploads\/2026\/08\/output1-12.webp","contentUrl":"https:\/\/depilacja-laserowa-lublin.pl\/wp-content\/uploads\/2026\/08\/output1-12.webp","width":1024,"height":1024},{"@type":"BreadcrumbList","@id":"https:\/\/depilacja-laserowa-lublin.pl\/index.php\/2026\/08\/28\/czy-depilacja-laserowa-moze-uszkodzic-skore-glowy\/#breadcrumb","itemListElement":[{"@type":"ListItem","position":1,"name":"Strona g\u0142\u00f3wna","item":"https:\/\/depilacja-laserowa-lublin.pl\/"},{"@type":"ListItem","position":2,"name":"Czy depilacja laserowa mo\u017ce uszkodzi\u0107 sk\u00f3r\u0119 g\u0142owy?"}]},{"@type":"WebSite","@id":"https:\/\/depilacja-laserowa-lublin.pl\/#website","url":"https:\/\/depilacja-laserowa-lublin.pl\/","name":"Depilacja laserowa","description":"serwis o depilacji laserowej","potentialAction":[{"@type":"SearchAction","target":{"@type":"EntryPoint","urlTemplate":"https:\/\/depilacja-laserowa-lublin.pl\/?s={search_term_string}"},"query-input":{"@type":"PropertyValueSpecification","valueRequired":true,"valueName":"search_term_string"}}],"inLanguage":"pl-PL"},{"@type":"Person","@id":"https:\/\/depilacja-laserowa-lublin.pl\/#\/schema\/person\/e159bba8b67bb61060f45552b4407032","name":"depilacja-laserowa","image":{"@type":"ImageObject","inLanguage":"pl-PL","@id":"https:\/\/secure.gravatar.com\/avatar\/4e609b381659f1df9d3dea107e3c05fa9ad22a194ec1799dd9a433deddc1fe2c?s=96&d=mm&r=g","url":"https:\/\/secure.gravatar.com\/avatar\/4e609b381659f1df9d3dea107e3c05fa9ad22a194ec1799dd9a433deddc1fe2c?s=96&d=mm&r=g","contentUrl":"https:\/\/secure.gravatar.com\/avatar\/4e609b381659f1df9d3dea107e3c05fa9ad22a194ec1799dd9a433deddc1fe2c?s=96&d=mm&r=g","caption":"depilacja-laserowa"},"sameAs":["https:\/\/depilacja-laserowa-lublin.pl"]}]}},"_links":{"self":[{"href":"https:\/\/depilacja-laserowa-lublin.pl\/index.php\/wp-json\/wp\/v2\/posts\/719","targetHints":{"allow":["GET"]}}],"collection":[{"href":"https:\/\/depilacja-laserowa-lublin.pl\/index.php\/wp-json\/wp\/v2\/posts"}],"about":[{"href":"https:\/\/depilacja-laserowa-lublin.pl\/index.php\/wp-json\/wp\/v2\/types\/post"}],"author":[{"embeddable":true,"href":"https:\/\/depilacja-laserowa-lublin.pl\/index.php\/wp-json\/wp\/v2\/users\/1"}],"replies":[{"embeddable":true,"href":"https:\/\/depilacja-laserowa-lublin.pl\/index.php\/wp-json\/wp\/v2\/comments?post=719"}],"version-history":[{"count":0,"href":"https:\/\/depilacja-laserowa-lublin.pl\/index.php\/wp-json\/wp\/v2\/posts\/719\/revisions"}],"wp:featuredmedia":[{"embeddable":true,"href":"https:\/\/depilacja-laserowa-lublin.pl\/index.php\/wp-json\/wp\/v2\/media\/718"}],"wp:attachment":[{"href":"https:\/\/depilacja-laserowa-lublin.pl\/index.php\/wp-json\/wp\/v2\/media?parent=719"}],"wp:term":[{"taxonomy":"category","embeddable":true,"href":"https:\/\/depilacja-laserowa-lublin.pl\/index.php\/wp-json\/wp\/v2\/categories?post=719"},{"taxonomy":"post_tag","embeddable":true,"href":"https:\/\/depilacja-laserowa-lublin.pl\/index.php\/wp-json\/wp\/v2\/tags?post=719"}],"curies":[{"name":"wp","href":"https:\/\/api.w.org\/{rel}","templated":true}]}}